{"id":109,"date":"2008-11-11T15:32:00","date_gmt":"2008-11-11T15:32:00","guid":{"rendered":"http:\/\/anjo.pt\/wp\/marimekko\/2008\/11\/11\/lugar-do-morto-place-du-mort-ii\/"},"modified":"2008-11-11T15:32:00","modified_gmt":"2008-11-11T15:32:00","slug":"lugar-do-morto-place-du-mort-ii","status":"publish","type":"post","link":"https:\/\/anjo.pt\/marimekko\/2008\/11\/11\/lugar-do-morto-place-du-mort-ii\/","title":{"rendered":"Lugar do morto &#8211; place du mort II"},"content":{"rendered":"<p>Last year I remember in Germany there was an accident in which, during a funeral parade, a truck driver had a heart attack and killed several people that were in the parade. It was a real question &#8220;where is the dead person?&#8221;<\/p>\n<p>Today I see a second part with a similar history:<\/p>\n<p>&#8212; Taken from Tribune de Gen\u00e8ve &#8211; 11 November 2008<br \/>Br\u00e9sil: tu\u00e9e par le cercueil de son mari<br \/>Un malheureux accident entre un corbillard et un autre v\u00e9hicule a envoy\u00e9 la veuve ad patres.<br \/>ats\/Reuters | 11.11.2008 | 15:05<br \/>Une femme de 67 ans qui accompagnait son d\u00e9funt mari dans un cimeti\u00e8re br\u00e9silien a \u00e9t\u00e9 tu\u00e9e par la chute du cercueil. Celui-ci lui a fracass\u00e9 le cr\u00e2ne lors d&#8217;un accident de la route. Selon le quotidien de Sao Paulo \u00abFolha\u00bb, la veuve \u00e9tait assise sur le si\u00e8ge passager avant lorsque le corbillard a \u00e9t\u00e9 heurt\u00e9 \u00e0 l&#8217;arri\u00e8re par un autre v\u00e9hicule. La bi\u00e8re de son mari, d\u00e9c\u00e9d\u00e9 la veille au soir d&#8217;une crise cardiaque lors d&#8217;une soir\u00e9e dansante, lui a fracass\u00e9 le cr\u00e2ne.  Le drame s&#8217;est d\u00e9roul\u00e9 \u00e0 une centaine de km au sud de Porto Alegre, dans le Rio Grande do Sul. <br \/>&#8212;<\/p>\n","protected":false},"excerpt":{"rendered":"<p>Last year I remember in Germany there was an accident in which, during a funeral parade, a truck driver had a heart attack and killed several people that were in the parade. It was a real question &#8220;where is the dead person?&#8221; Today I see a second part with a similar history: &#8212; Taken from [&hellip;]<\/p>\n","protected":false},"author":1,"featured_media":0,"comment_status":"open","ping_status":"open","sticky":false,"template":"","format":"standard","meta":{"footnotes":""},"categories":[7],"tags":[],"class_list":{"0":"post-109","1":"post","2":"type-post","3":"status-publish","4":"format-standard","6":"category-newspapers","7":"czr-hentry"},"_links":{"self":[{"href":"https:\/\/anjo.pt\/marimekko\/wp-json\/wp\/v2\/posts\/109","targetHints":{"allow":["GET"]}}],"collection":[{"href":"https:\/\/anjo.pt\/marimekko\/wp-json\/wp\/v2\/posts"}],"about":[{"href":"https:\/\/anjo.pt\/marimekko\/wp-json\/wp\/v2\/types\/post"}],"author":[{"embeddable":true,"href":"https:\/\/anjo.pt\/marimekko\/wp-json\/wp\/v2\/users\/1"}],"replies":[{"embeddable":true,"href":"https:\/\/anjo.pt\/marimekko\/wp-json\/wp\/v2\/comments?post=109"}],"version-history":[{"count":0,"href":"https:\/\/anjo.pt\/marimekko\/wp-json\/wp\/v2\/posts\/109\/revisions"}],"wp:attachment":[{"href":"https:\/\/anjo.pt\/marimekko\/wp-json\/wp\/v2\/media?parent=109"}],"wp:term":[{"taxonomy":"category","embeddable":true,"href":"https:\/\/anjo.pt\/marimekko\/wp-json\/wp\/v2\/categories?post=109"},{"taxonomy":"post_tag","embeddable":true,"href":"https:\/\/anjo.pt\/marimekko\/wp-json\/wp\/v2\/tags?post=109"}],"curies":[{"name":"wp","href":"https:\/\/api.w.org\/{rel}","templated":true}]}}