{"id":27,"date":"2012-12-17T20:16:00","date_gmt":"2012-12-17T20:16:00","guid":{"rendered":"http:\/\/anjo.pt\/wp\/marimekko\/2012\/12\/17\/miquel-et-migu-el\/"},"modified":"2014-04-18T10:59:32","modified_gmt":"2014-04-18T10:59:32","slug":"miquel-et-migu-el","status":"publish","type":"post","link":"https:\/\/anjo.pt\/marimekko\/2012\/12\/17\/miquel-et-migu-el\/","title":{"rendered":"Miquel et Migu-el"},"content":{"rendered":"<p>Aujourd&#8217;hui une coll\u00e8gue de travail \u00e9crit mon nom avec Q: &#8220;Miquel&#8221;. Je le demande pourquoi elle a fait cette erreur et elle ne le sait pas. Elle sait comment s&#8217;\u00e9crit mon nom mais automatiquement, dans le clavier, elle utilise le Q au lieu de G. Ce n&#8217;est pas la premi\u00e8re ni la deuxi\u00e8me personne, ne sera pas la derni\u00e8re.<\/p>\n<p>Une autre variation sont les Fran\u00e7ais que disent &#8220;Migu-el&#8221;, en&nbsp;pronon\u00e7ant bien fort le U. Je les demande pourquoi. Ils&nbsp;r\u00e9fl\u00e9chissent&nbsp;bien. &nbsp;Je les rappel la r\u00e8gle du Fran\u00e7ais (comme en Portugais ou Espagnol) o\u00f9 la&nbsp;syllabe&nbsp;GUE et GE font des sons&nbsp;diff\u00e9rents. La r\u00e9ponse est toujours: &#8220;Je ne sais pas pourquoi je le dis Migu-el&#8221;.<\/p>\n<p><\/p>\n","protected":false},"excerpt":{"rendered":"<p>Aujourd&#8217;hui une coll\u00e8gue de travail \u00e9crit mon nom avec Q: &#8220;Miquel&#8221;. Je le demande pourquoi elle a fait cette erreur et elle ne le sait pas. Elle sait comment s&#8217;\u00e9crit mon nom mais automatiquement, dans le clavier, elle utilise le Q au lieu de G. Ce n&#8217;est pas la premi\u00e8re ni la deuxi\u00e8me personne, ne [&hellip;]<\/p>\n","protected":false},"author":1,"featured_media":0,"comment_status":"open","ping_status":"open","sticky":false,"template":"","format":"standard","meta":{"footnotes":""},"categories":[3],"tags":[],"class_list":{"0":"post-27","1":"post","2":"type-post","3":"status-publish","4":"format-standard","6":"category-stories","7":"czr-hentry"},"_links":{"self":[{"href":"https:\/\/anjo.pt\/marimekko\/wp-json\/wp\/v2\/posts\/27","targetHints":{"allow":["GET"]}}],"collection":[{"href":"https:\/\/anjo.pt\/marimekko\/wp-json\/wp\/v2\/posts"}],"about":[{"href":"https:\/\/anjo.pt\/marimekko\/wp-json\/wp\/v2\/types\/post"}],"author":[{"embeddable":true,"href":"https:\/\/anjo.pt\/marimekko\/wp-json\/wp\/v2\/users\/1"}],"replies":[{"embeddable":true,"href":"https:\/\/anjo.pt\/marimekko\/wp-json\/wp\/v2\/comments?post=27"}],"version-history":[{"count":0,"href":"https:\/\/anjo.pt\/marimekko\/wp-json\/wp\/v2\/posts\/27\/revisions"}],"wp:attachment":[{"href":"https:\/\/anjo.pt\/marimekko\/wp-json\/wp\/v2\/media?parent=27"}],"wp:term":[{"taxonomy":"category","embeddable":true,"href":"https:\/\/anjo.pt\/marimekko\/wp-json\/wp\/v2\/categories?post=27"},{"taxonomy":"post_tag","embeddable":true,"href":"https:\/\/anjo.pt\/marimekko\/wp-json\/wp\/v2\/tags?post=27"}],"curies":[{"name":"wp","href":"https:\/\/api.w.org\/{rel}","templated":true}]}}