{"id":37,"date":"2012-07-28T13:04:00","date_gmt":"2012-07-28T13:04:00","guid":{"rendered":"http:\/\/anjo.pt\/wp\/marimekko\/2012\/07\/28\/loyer-indexe-au-indice-des-prix-a-la-consommation-suisse\/"},"modified":"2014-04-18T10:59:41","modified_gmt":"2014-04-18T10:59:41","slug":"loyer-indexe-au-indice-des-prix-a-la-consommation-suisse","status":"publish","type":"post","link":"https:\/\/anjo.pt\/marimekko\/2012\/07\/28\/loyer-indexe-au-indice-des-prix-a-la-consommation-suisse\/","title":{"rendered":"Loyer index\u00e9 au Indice des prix \u00e0 la consommation Suisse"},"content":{"rendered":"<p>Cette mois on a eu une agr\u00e9able surprise que confirme que le&nbsp;propri\u00e9taire de notre immeuble et la r\u00e9gie sont&nbsp;&nbsp;tout \u00e0 fait justes.<\/p>\n<p>Notre loyer est index\u00e9 au&nbsp;&nbsp;<a href=\"http:\/\/www.bfs.admin.ch\/bfs\/portal\/fr\/index\/themen\/05\/02.html\" target=\"_blank\">Indice des prix \u00e0 la consommation Suisse<\/a>&nbsp;et le contrat stipule qu&#8217;il peut avoir au maximum une augmentation par ann\u00e9e. En juillet de 2011 on re\u00e7oit une augmentation de 21 Fr.\/mois de notre loyer avec l&#8217;augmentation de 1,24% de l&#8217;indice.<\/p>\n<p>Cet ann\u00e9e, vu la constante baisse des prix \u00e0 la consommation en Suisse, on a tout de suite au d\u00e9but de juillet \u00e9crit \u00e0 notre r\u00e9gie pour demander la baisse du loyer. On pensait aller tomber dans une r\u00e9ponse&nbsp;quelconque limitant cette baisse. Quel \u00e9tait notre agr\u00e9able surprise quand ils nous r\u00e9pondent que le propri\u00e9taire a bien accept\u00e9 notre&nbsp;demande&nbsp;de baisse de loyer de 1,05%, tel comme le indice des prix \u00e0 la consommation.&nbsp;<\/p>\n<p>On a aujourd&#8217;hui re\u00e7u la feuille officiel de ce changement. Il est int\u00e9ressant de&nbsp;percevoir&nbsp;que le texte ne pr\u00e9voit pas des baisse de loyer, \u00e9tant r\u00e9dig\u00e9 &#8220;En application de l&#8217;art. 26d al. 1 CO, nous vous communiquons la <b>hausse<\/b>&nbsp;de loyer suivante :&#8221;.<\/p>\n<div style=\"clear: both; text-align: center;\"><a href=\"https:\/\/anjo.pt\/marimekko\/wp-content\/uploads\/sites\/2\/2012\/07\/bitmap.png\" style=\"margin-left: 1em; margin-right: 1em;\"><img loading=\"lazy\" decoding=\"async\" border=\"0\" height=\"640\" src=\"https:\/\/anjo.pt\/marimekko\/wp-content\/uploads\/sites\/2\/2012\/07\/bitmap-217x300.png\" width=\"464\" \/><\/a><\/div>\n<p><\/p>\n","protected":false},"excerpt":{"rendered":"<p>Cette mois on a eu une agr\u00e9able surprise que confirme que le&nbsp;propri\u00e9taire de notre immeuble et la r\u00e9gie sont&nbsp;&nbsp;tout \u00e0 fait justes. Notre loyer est index\u00e9 au&nbsp;&nbsp;Indice des prix \u00e0 la consommation Suisse&nbsp;et le contrat stipule qu&#8217;il peut avoir au maximum une augmentation par ann\u00e9e. En juillet de 2011 on re\u00e7oit une augmentation de 21 [&hellip;]<\/p>\n","protected":false},"author":1,"featured_media":214,"comment_status":"open","ping_status":"open","sticky":false,"template":"","format":"standard","meta":{"footnotes":""},"categories":[1],"tags":[],"class_list":{"0":"post-37","1":"post","2":"type-post","3":"status-publish","4":"format-standard","5":"has-post-thumbnail","7":"category-uncategorized","8":"czr-hentry"},"_links":{"self":[{"href":"https:\/\/anjo.pt\/marimekko\/wp-json\/wp\/v2\/posts\/37","targetHints":{"allow":["GET"]}}],"collection":[{"href":"https:\/\/anjo.pt\/marimekko\/wp-json\/wp\/v2\/posts"}],"about":[{"href":"https:\/\/anjo.pt\/marimekko\/wp-json\/wp\/v2\/types\/post"}],"author":[{"embeddable":true,"href":"https:\/\/anjo.pt\/marimekko\/wp-json\/wp\/v2\/users\/1"}],"replies":[{"embeddable":true,"href":"https:\/\/anjo.pt\/marimekko\/wp-json\/wp\/v2\/comments?post=37"}],"version-history":[{"count":0,"href":"https:\/\/anjo.pt\/marimekko\/wp-json\/wp\/v2\/posts\/37\/revisions"}],"wp:featuredmedia":[{"embeddable":true,"href":"https:\/\/anjo.pt\/marimekko\/wp-json\/wp\/v2\/media\/214"}],"wp:attachment":[{"href":"https:\/\/anjo.pt\/marimekko\/wp-json\/wp\/v2\/media?parent=37"}],"wp:term":[{"taxonomy":"category","embeddable":true,"href":"https:\/\/anjo.pt\/marimekko\/wp-json\/wp\/v2\/categories?post=37"},{"taxonomy":"post_tag","embeddable":true,"href":"https:\/\/anjo.pt\/marimekko\/wp-json\/wp\/v2\/tags?post=37"}],"curies":[{"name":"wp","href":"https:\/\/api.w.org\/{rel}","templated":true}]}}