{"id":50,"date":"2011-08-15T20:24:00","date_gmt":"2011-08-15T20:24:00","guid":{"rendered":"http:\/\/anjo.pt\/wp\/marimekko\/2011\/08\/15\/elle\/"},"modified":"2014-04-18T10:59:50","modified_gmt":"2014-04-18T10:59:50","slug":"elle","status":"publish","type":"post","link":"https:\/\/anjo.pt\/marimekko\/2011\/08\/15\/elle\/","title":{"rendered":"&#8220;Elle&#8221;"},"content":{"rendered":"<table align=\"center\" cellpadding=\"0\" cellspacing=\"0\" style=\"margin-left: auto; margin-right: auto; text-align: center;\">\n<tbody>\n<tr>\n<td style=\"text-align: center;\"><a href=\"https:\/\/anjo.pt\/marimekko\/wp-content\/uploads\/sites\/2\/2011\/08\/foto_velo.jpg\" style=\"margin-left: auto; margin-right: auto;\"><img loading=\"lazy\" decoding=\"async\" border=\"0\" height=\"256\" src=\"https:\/\/anjo.pt\/marimekko\/wp-content\/uploads\/sites\/2\/2011\/08\/foto_velo-300x240.jpg\" width=\"320\" \/><\/a><\/td>\n<\/tr>\n<tr>\n<td style=\"text-align: center;\">Moi et &#8220;Elle&#8221;, en attendant le bateau pendant le tour de Suisse Nord-Sud avec Eva<\/td>\n<\/tr>\n<\/tbody>\n<\/table>\n<p>Disparu, aujourd&#8217;hui. Passage des Grottes, Gen\u00e8ve. &#8220;Elle&#8221;, mon v\u00e9lo. Cinq ans durant elle m\u2019accompagna: plusieurs milliers de kilom\u00e8tres, plusieurs cols alpins. La criminalit\u00e9 \u00e0 Gen\u00e8ve est l\u00e0, pour plus qu&#8217;on essaie de la ignorer.&nbsp; Heureusement j\u2019\u00e9tais en train de me d\u00e9cider pour une nouvelle &#8220;Elle&#8221;. Le destin m&#8217;a aid\u00e9.<\/p>\n<p>Note: &#8220;Elle&#8221; parce qu&#8217;en portugais v\u00e9lo\/bicicleta est f\u00e9minin et j&#8217;utilise toujours de fa\u00e7on erron\u00e9 ce genre pour parler de lui.<\/p>\n","protected":false},"excerpt":{"rendered":"<p>Moi et &#8220;Elle&#8221;, en attendant le bateau pendant le tour de Suisse Nord-Sud avec Eva Disparu, aujourd&#8217;hui. Passage des Grottes, Gen\u00e8ve. &#8220;Elle&#8221;, mon v\u00e9lo. Cinq ans durant elle m\u2019accompagna: plusieurs milliers de kilom\u00e8tres, plusieurs cols alpins. La criminalit\u00e9 \u00e0 Gen\u00e8ve est l\u00e0, pour plus qu&#8217;on essaie de la ignorer.&nbsp; Heureusement j\u2019\u00e9tais en train de me [&hellip;]<\/p>\n","protected":false},"author":1,"featured_media":225,"comment_status":"open","ping_status":"open","sticky":false,"template":"","format":"standard","meta":{"footnotes":""},"categories":[3],"tags":[],"class_list":{"0":"post-50","1":"post","2":"type-post","3":"status-publish","4":"format-standard","5":"has-post-thumbnail","7":"category-stories","8":"czr-hentry"},"_links":{"self":[{"href":"https:\/\/anjo.pt\/marimekko\/wp-json\/wp\/v2\/posts\/50","targetHints":{"allow":["GET"]}}],"collection":[{"href":"https:\/\/anjo.pt\/marimekko\/wp-json\/wp\/v2\/posts"}],"about":[{"href":"https:\/\/anjo.pt\/marimekko\/wp-json\/wp\/v2\/types\/post"}],"author":[{"embeddable":true,"href":"https:\/\/anjo.pt\/marimekko\/wp-json\/wp\/v2\/users\/1"}],"replies":[{"embeddable":true,"href":"https:\/\/anjo.pt\/marimekko\/wp-json\/wp\/v2\/comments?post=50"}],"version-history":[{"count":0,"href":"https:\/\/anjo.pt\/marimekko\/wp-json\/wp\/v2\/posts\/50\/revisions"}],"wp:featuredmedia":[{"embeddable":true,"href":"https:\/\/anjo.pt\/marimekko\/wp-json\/wp\/v2\/media\/225"}],"wp:attachment":[{"href":"https:\/\/anjo.pt\/marimekko\/wp-json\/wp\/v2\/media?parent=50"}],"wp:term":[{"taxonomy":"category","embeddable":true,"href":"https:\/\/anjo.pt\/marimekko\/wp-json\/wp\/v2\/categories?post=50"},{"taxonomy":"post_tag","embeddable":true,"href":"https:\/\/anjo.pt\/marimekko\/wp-json\/wp\/v2\/tags?post=50"}],"curies":[{"name":"wp","href":"https:\/\/api.w.org\/{rel}","templated":true}]}}