{"id":60,"date":"2011-02-24T20:44:00","date_gmt":"2011-02-24T20:44:00","guid":{"rendered":"http:\/\/anjo.pt\/wp\/marimekko\/2011\/02\/24\/a-crise-economica-nao-esta-na-suica\/"},"modified":"2014-04-18T10:59:53","modified_gmt":"2014-04-18T10:59:53","slug":"a-crise-economica-nao-esta-na-suica","status":"publish","type":"post","link":"https:\/\/anjo.pt\/marimekko\/2011\/02\/24\/a-crise-economica-nao-esta-na-suica\/","title":{"rendered":"A crise econ\u00f3mica n\u00e3o est\u00e1 na Sui\u00e7a"},"content":{"rendered":"<p>O meu banco resolveu, devido ao bom ano de 2010, oferecer 2010 c\u00eantimos de franco Su\u00ed\u00e7o (16\u20ac) a todos os seus clientes.<\/p>\n","protected":false},"excerpt":{"rendered":"<p>O meu banco resolveu, devido ao bom ano de 2010, oferecer 2010 c\u00eantimos de franco Su\u00ed\u00e7o (16\u20ac) a todos os seus clientes.<\/p>\n","protected":false},"author":1,"featured_media":0,"comment_status":"open","ping_status":"open","sticky":false,"template":"","format":"standard","meta":{"footnotes":""},"categories":[3],"tags":[],"class_list":{"0":"post-60","1":"post","2":"type-post","3":"status-publish","4":"format-standard","6":"category-stories","7":"czr-hentry"},"_links":{"self":[{"href":"https:\/\/anjo.pt\/marimekko\/wp-json\/wp\/v2\/posts\/60","targetHints":{"allow":["GET"]}}],"collection":[{"href":"https:\/\/anjo.pt\/marimekko\/wp-json\/wp\/v2\/posts"}],"about":[{"href":"https:\/\/anjo.pt\/marimekko\/wp-json\/wp\/v2\/types\/post"}],"author":[{"embeddable":true,"href":"https:\/\/anjo.pt\/marimekko\/wp-json\/wp\/v2\/users\/1"}],"replies":[{"embeddable":true,"href":"https:\/\/anjo.pt\/marimekko\/wp-json\/wp\/v2\/comments?post=60"}],"version-history":[{"count":0,"href":"https:\/\/anjo.pt\/marimekko\/wp-json\/wp\/v2\/posts\/60\/revisions"}],"wp:attachment":[{"href":"https:\/\/anjo.pt\/marimekko\/wp-json\/wp\/v2\/media?parent=60"}],"wp:term":[{"taxonomy":"category","embeddable":true,"href":"https:\/\/anjo.pt\/marimekko\/wp-json\/wp\/v2\/categories?post=60"},{"taxonomy":"post_tag","embeddable":true,"href":"https:\/\/anjo.pt\/marimekko\/wp-json\/wp\/v2\/tags?post=60"}],"curies":[{"name":"wp","href":"https:\/\/api.w.org\/{rel}","templated":true}]}}