{"id":692,"date":"2015-03-31T05:57:46","date_gmt":"2015-03-31T05:57:46","guid":{"rendered":"http:\/\/anjo.pt\/wp\/marimekko\/?p=692"},"modified":"2015-03-31T06:01:19","modified_gmt":"2015-03-31T06:01:19","slug":"moi-un-velo-dans-un-train","status":"publish","type":"post","link":"https:\/\/anjo.pt\/marimekko\/2015\/03\/31\/moi-un-velo-dans-un-train\/","title":{"rendered":"Moi, un v\u00e9lo &#8211; dans un train"},"content":{"rendered":"<p><img loading=\"lazy\" decoding=\"async\" class=\"  wp-image-693 alignright\" src=\"https:\/\/anjo.pt\/marimekko\/wp-content\/uploads\/sites\/2\/2015\/03\/CFF-Ticket-velo-169x300.png\" alt=\"CFF-Ticket-velo\" width=\"168\" height=\"298\" srcset=\"https:\/\/anjo.pt\/marimekko\/wp-content\/uploads\/sites\/2\/2015\/03\/CFF-Ticket-velo-169x300.png 169w, https:\/\/anjo.pt\/marimekko\/wp-content\/uploads\/sites\/2\/2015\/03\/CFF-Ticket-velo-576x1024.png 576w, https:\/\/anjo.pt\/marimekko\/wp-content\/uploads\/sites\/2\/2015\/03\/CFF-Ticket-velo.png 720w\" sizes=\"auto, (max-width: 168px) 100vw, 168px\" \/>Ce matin je pars encore une fois \u00e0 Sion par train, en premi\u00e8re classe, avec mon v\u00e9lo. Le v\u00e9lo reste dans le wagon de deuxi\u00e8me classe, car &#8220;les passagers de premi\u00e8re classe n&#8217;utilisent pas le v\u00e9lo&#8221;.<\/p>\n<p>J&#8217;ach\u00e8te toujours le billet pour le v\u00e9lo et j&#8217;aime le montrer en premier. Ce matin la contr\u00f4leuse a bien pris son t\u00e9l\u00e9phone pour prendre le code du billet de v\u00e9lo sur mon t\u00e9l\u00e9phone et de suite &#8220;Merci&#8221; et reparte. Donc sans voir mon billet \u00e0 moi ni mon abonnement g\u00e9n\u00e9ral de deuxi\u00e8me classe. Je dois bien sembler \u00e0 un v\u00e9lo!<\/p>\n","protected":false},"excerpt":{"rendered":"<p>Ce matin je pars encore une fois \u00e0 Sion par train, en premi\u00e8re classe, avec mon v\u00e9lo. Le v\u00e9lo reste dans le wagon de deuxi\u00e8me classe, car &#8220;les passagers de premi\u00e8re classe n&#8217;utilisent pas le v\u00e9lo&#8221;. J&#8217;ach\u00e8te toujours le billet pour le v\u00e9lo et j&#8217;aime le montrer en premier. Ce matin la contr\u00f4leuse a bien [&hellip;]<\/p>\n","protected":false},"author":3,"featured_media":693,"comment_status":"open","ping_status":"open","sticky":false,"template":"","format":"standard","meta":{"footnotes":""},"categories":[3,1],"tags":[],"class_list":{"0":"post-692","1":"post","2":"type-post","3":"status-publish","4":"format-standard","5":"has-post-thumbnail","7":"category-stories","8":"category-uncategorized","9":"czr-hentry"},"_links":{"self":[{"href":"https:\/\/anjo.pt\/marimekko\/wp-json\/wp\/v2\/posts\/692","targetHints":{"allow":["GET"]}}],"collection":[{"href":"https:\/\/anjo.pt\/marimekko\/wp-json\/wp\/v2\/posts"}],"about":[{"href":"https:\/\/anjo.pt\/marimekko\/wp-json\/wp\/v2\/types\/post"}],"author":[{"embeddable":true,"href":"https:\/\/anjo.pt\/marimekko\/wp-json\/wp\/v2\/users\/3"}],"replies":[{"embeddable":true,"href":"https:\/\/anjo.pt\/marimekko\/wp-json\/wp\/v2\/comments?post=692"}],"version-history":[{"count":1,"href":"https:\/\/anjo.pt\/marimekko\/wp-json\/wp\/v2\/posts\/692\/revisions"}],"predecessor-version":[{"id":694,"href":"https:\/\/anjo.pt\/marimekko\/wp-json\/wp\/v2\/posts\/692\/revisions\/694"}],"wp:featuredmedia":[{"embeddable":true,"href":"https:\/\/anjo.pt\/marimekko\/wp-json\/wp\/v2\/media\/693"}],"wp:attachment":[{"href":"https:\/\/anjo.pt\/marimekko\/wp-json\/wp\/v2\/media?parent=692"}],"wp:term":[{"taxonomy":"category","embeddable":true,"href":"https:\/\/anjo.pt\/marimekko\/wp-json\/wp\/v2\/categories?post=692"},{"taxonomy":"post_tag","embeddable":true,"href":"https:\/\/anjo.pt\/marimekko\/wp-json\/wp\/v2\/tags?post=692"}],"curies":[{"name":"wp","href":"https:\/\/api.w.org\/{rel}","templated":true}]}}