{"id":751,"date":"2016-01-02T18:03:51","date_gmt":"2016-01-02T18:03:51","guid":{"rendered":"http:\/\/anjo.pt\/wp\/marimekko\/?p=751"},"modified":"2016-01-02T18:10:23","modified_gmt":"2016-01-02T18:10:23","slug":"horarios-dos-autocarros-que-passam-em-alfornelos","status":"publish","type":"post","link":"https:\/\/anjo.pt\/marimekko\/2016\/01\/02\/horarios-dos-autocarros-que-passam-em-alfornelos\/","title":{"rendered":"Hor\u00e1rios dos autocarros que passam em Alfornelos"},"content":{"rendered":"<p>Esperemos que um dia as empresas de transportes coloquem em cada paragem os hor\u00e1rios de forma \u00fatil para os clientes. Ou seja, tabelas que contenham:<\/p>\n<ul>\n<li>Hor\u00e1rio por linha\/paragem (e respeito dos mesmos)<\/li>\n<li>Validade do hor\u00e1rio<\/li>\n<li>Percurso<\/li>\n<li>Pre\u00e7os<\/li>\n<li>Contactos para os clientes<\/li>\n<li>Um mapa da rede actual<\/li>\n<\/ul>\n<p>At\u00e9 esse dia, aproveitem os\u00a0hor\u00e1rios que coloquei em <a href=\"http:\/\/www.anjo.pt\/alfornelos\" target=\"_blank\">www.anjo.pt\/alfornelos<\/a> (que s\u00e3o mais \u00fateis aos condutores que aos passageiros). Se forem preciso fazer correc\u00e7\u00f5es, por favor contactem por e-mail\u00a0: <a href=\"mailto:miguel@anjo.pt\">miguel@anjo.pt<\/a><\/p>\n<p>Os hor\u00e1rios est\u00e3o tamb\u00e9m dispon\u00edveis num outro formato em <a href=\"http:\/\/www.vimeca.pt\">www.vimeca.pt<\/a><\/p>\n","protected":false},"excerpt":{"rendered":"<p>Esperemos que um dia as empresas de transportes coloquem em cada paragem os hor\u00e1rios de forma \u00fatil para os clientes. Ou seja, tabelas que contenham: Hor\u00e1rio por linha\/paragem (e respeito dos mesmos) Validade do hor\u00e1rio Percurso Pre\u00e7os Contactos para os clientes Um mapa da rede actual At\u00e9 esse dia, aproveitem os\u00a0hor\u00e1rios que coloquei em www.anjo.pt\/alfornelos [&hellip;]<\/p>\n","protected":false},"author":1,"featured_media":0,"comment_status":"open","ping_status":"open","sticky":false,"template":"","format":"standard","meta":{"footnotes":""},"categories":[3],"tags":[],"class_list":{"0":"post-751","1":"post","2":"type-post","3":"status-publish","4":"format-standard","6":"category-stories","7":"czr-hentry"},"_links":{"self":[{"href":"https:\/\/anjo.pt\/marimekko\/wp-json\/wp\/v2\/posts\/751","targetHints":{"allow":["GET"]}}],"collection":[{"href":"https:\/\/anjo.pt\/marimekko\/wp-json\/wp\/v2\/posts"}],"about":[{"href":"https:\/\/anjo.pt\/marimekko\/wp-json\/wp\/v2\/types\/post"}],"author":[{"embeddable":true,"href":"https:\/\/anjo.pt\/marimekko\/wp-json\/wp\/v2\/users\/1"}],"replies":[{"embeddable":true,"href":"https:\/\/anjo.pt\/marimekko\/wp-json\/wp\/v2\/comments?post=751"}],"version-history":[{"count":1,"href":"https:\/\/anjo.pt\/marimekko\/wp-json\/wp\/v2\/posts\/751\/revisions"}],"predecessor-version":[{"id":752,"href":"https:\/\/anjo.pt\/marimekko\/wp-json\/wp\/v2\/posts\/751\/revisions\/752"}],"wp:attachment":[{"href":"https:\/\/anjo.pt\/marimekko\/wp-json\/wp\/v2\/media?parent=751"}],"wp:term":[{"taxonomy":"category","embeddable":true,"href":"https:\/\/anjo.pt\/marimekko\/wp-json\/wp\/v2\/categories?post=751"},{"taxonomy":"post_tag","embeddable":true,"href":"https:\/\/anjo.pt\/marimekko\/wp-json\/wp\/v2\/tags?post=751"}],"curies":[{"name":"wp","href":"https:\/\/api.w.org\/{rel}","templated":true}]}}