{"id":757,"date":"2016-01-08T11:25:46","date_gmt":"2016-01-08T11:25:46","guid":{"rendered":"http:\/\/anjo.pt\/wp\/marimekko\/?p=757"},"modified":"2016-01-28T13:15:43","modified_gmt":"2016-01-28T13:15:43","slug":"coop-et-les-fausses-prix-action","status":"publish","type":"post","link":"https:\/\/anjo.pt\/marimekko\/2016\/01\/08\/coop-et-les-fausses-prix-action\/","title":{"rendered":"COOP et les fausses prix action"},"content":{"rendered":"<div id=\"attachment_758\" style=\"width: 410px\" class=\"wp-caption alignleft\"><a href=\"https:\/\/anjo.pt\/marimekko\/2016\/01\/08\/coop-et-les-fausses-prix-action\/coop-prix-trompeur\/\" rel=\"attachment wp-att-758\"><img loading=\"lazy\" decoding=\"async\" aria-describedby=\"caption-attachment-758\" class=\" wp-image-758\" src=\"https:\/\/anjo.pt\/marimekko\/wp-content\/uploads\/sites\/2\/2016\/01\/COOP-Prix-trompeur.png\" alt=\"M\u00fcelsi COOP qui passe dans action \u00e0 la caisse\" width=\"400\" height=\"600\" srcset=\"https:\/\/anjo.pt\/marimekko\/wp-content\/uploads\/sites\/2\/2016\/01\/COOP-Prix-trompeur.png 600w, https:\/\/anjo.pt\/marimekko\/wp-content\/uploads\/sites\/2\/2016\/01\/COOP-Prix-trompeur-200x300.png 200w\" sizes=\"auto, (max-width: 400px) 100vw, 400px\" \/><\/a><p id=\"caption-attachment-758\" class=\"wp-caption-text\">M\u00fcelsi COOP qui passe dans action \u00e0 la caisse<\/p><\/div>\n<p>[Actualisation 28.01.2016]<\/p>\n<p>Je viens de rentre de la COOP de Champel pour racheter du M\u00fcesli. Le prix \u00e0 la caisse est toujours faux. Le caissier n&#8217;a pas remarqu\u00e9. J&#8217;ai demand\u00e9 de parler au g\u00e9rant. Il va corriger le probl\u00e8me de suite. Depuis trois mois qu&#8217;ils vont corriger le probl\u00e8me. Semble lent.<\/p>\n<p>COOP suite \u00e0 ma plainte au d\u00e9but du mois m&#8217;a envoy\u00e9 une carte cadeau de 10 CHF. Mais n&#8217;a pas corrig\u00e9 le probl\u00e8me.<\/p>\n<p>[Text original 08.01.2016]<\/p>\n<p>Je viens d&#8217;acheter le M\u00fcesli COOP ci-dessus \u00e0 Plainpalais. Pour la deuxi\u00e8me fois en quelques mois (!) le prix de cette emballage double passe \u00e0 la caisse sans promotion. Dans des diff\u00e9rents magasins! La premi\u00e8re fois je suis retourn\u00e9 au magasin et demand\u00e9 en plus du remboursement, qu&#8217;ils corrigent le prix.<\/p>\n<p>Aujourd&#8217;hui la caissi\u00e8re \u00e0 rep\u00e9r\u00e9 imm\u00e9diatement le probl\u00e8me et corrig\u00e9. A ma demande d&#8217;avertir le responsable elle a dit avoir d\u00e9j\u00e0 fait \u00e0 plusieurs reprises et sans succ\u00e8s. Donc le probl\u00e8me continue, les client contient \u00e0 \u00eatre tromp\u00e9s.<\/p>\n<p>Cela n&#8217;est pas unique \u00e0 cet emballage de M\u00fcesli. Dans mes rares passages \u00e0 la COOP j&#8217;ai vu d&#8217;autres clients se plaindre \u00e0 la caisse du m\u00eame probl\u00e8me avec d&#8217;autres produits. Heureusement la caissi\u00e8re a le droit de corriger imm\u00e9diatement \u00e0 faveur du client, mais malheureusement il faut continuer \u00e0 \u00eatre attentif.<\/p>\n<p>&nbsp;<\/p>\n","protected":false},"excerpt":{"rendered":"<p>[Actualisation 28.01.2016] Je viens de rentre de la COOP de Champel pour racheter du M\u00fcesli. Le prix \u00e0 la caisse est toujours faux. Le caissier n&#8217;a pas remarqu\u00e9. J&#8217;ai demand\u00e9 de parler au g\u00e9rant. Il va corriger le probl\u00e8me de suite. Depuis trois mois qu&#8217;ils vont corriger le probl\u00e8me. Semble lent. COOP suite \u00e0 ma [&hellip;]<\/p>\n","protected":false},"author":1,"featured_media":0,"comment_status":"open","ping_status":"open","sticky":false,"template":"","format":"standard","meta":{"footnotes":""},"categories":[3],"tags":[],"class_list":{"0":"post-757","1":"post","2":"type-post","3":"status-publish","4":"format-standard","6":"category-stories","7":"czr-hentry"},"_links":{"self":[{"href":"https:\/\/anjo.pt\/marimekko\/wp-json\/wp\/v2\/posts\/757","targetHints":{"allow":["GET"]}}],"collection":[{"href":"https:\/\/anjo.pt\/marimekko\/wp-json\/wp\/v2\/posts"}],"about":[{"href":"https:\/\/anjo.pt\/marimekko\/wp-json\/wp\/v2\/types\/post"}],"author":[{"embeddable":true,"href":"https:\/\/anjo.pt\/marimekko\/wp-json\/wp\/v2\/users\/1"}],"replies":[{"embeddable":true,"href":"https:\/\/anjo.pt\/marimekko\/wp-json\/wp\/v2\/comments?post=757"}],"version-history":[{"count":5,"href":"https:\/\/anjo.pt\/marimekko\/wp-json\/wp\/v2\/posts\/757\/revisions"}],"predecessor-version":[{"id":766,"href":"https:\/\/anjo.pt\/marimekko\/wp-json\/wp\/v2\/posts\/757\/revisions\/766"}],"wp:attachment":[{"href":"https:\/\/anjo.pt\/marimekko\/wp-json\/wp\/v2\/media?parent=757"}],"wp:term":[{"taxonomy":"category","embeddable":true,"href":"https:\/\/anjo.pt\/marimekko\/wp-json\/wp\/v2\/categories?post=757"},{"taxonomy":"post_tag","embeddable":true,"href":"https:\/\/anjo.pt\/marimekko\/wp-json\/wp\/v2\/tags?post=757"}],"curies":[{"name":"wp","href":"https:\/\/api.w.org\/{rel}","templated":true}]}}