{"id":876,"date":"2017-12-24T19:08:17","date_gmt":"2017-12-24T19:08:17","guid":{"rendered":"http:\/\/anjo.pt\/wp\/marimekko\/?p=876"},"modified":"2017-12-24T19:08:17","modified_gmt":"2017-12-24T19:08:17","slug":"parabens-pelos-100-anos-avo","status":"publish","type":"post","link":"https:\/\/anjo.pt\/marimekko\/2017\/12\/24\/parabens-pelos-100-anos-avo\/","title":{"rendered":"Parab\u00e9ns pelos 100 anos av\u00f3!"},"content":{"rendered":"<blockquote><p>Nunca \u00e9 tarde demais para viver intensamente a vida.<\/p><\/blockquote>\n<p><a href=\"https:\/\/anjo.pt\/marimekko\/wp-content\/uploads\/sites\/2\/2017\/12\/2016_04_30_Avo_Carolina.jpg\"><img loading=\"lazy\" decoding=\"async\" class=\"size-large wp-image-877 aligncenter\" src=\"https:\/\/anjo.pt\/marimekko\/wp-content\/uploads\/sites\/2\/2017\/12\/2016_04_30_Avo_Carolina-700x1024.jpg\" alt=\"\" width=\"700\" height=\"1024\" srcset=\"https:\/\/anjo.pt\/marimekko\/wp-content\/uploads\/sites\/2\/2017\/12\/2016_04_30_Avo_Carolina-700x1024.jpg 700w, https:\/\/anjo.pt\/marimekko\/wp-content\/uploads\/sites\/2\/2017\/12\/2016_04_30_Avo_Carolina-205x300.jpg 205w, https:\/\/anjo.pt\/marimekko\/wp-content\/uploads\/sites\/2\/2017\/12\/2016_04_30_Avo_Carolina-768x1124.jpg 768w, https:\/\/anjo.pt\/marimekko\/wp-content\/uploads\/sites\/2\/2017\/12\/2016_04_30_Avo_Carolina.jpg 1024w\" sizes=\"auto, (max-width: 700px) 100vw, 700px\" \/><\/a><\/p>\n","protected":false},"excerpt":{"rendered":"<p>Nunca \u00e9 tarde demais para viver intensamente a vida.<\/p>\n","protected":false},"author":1,"featured_media":0,"comment_status":"open","ping_status":"open","sticky":false,"template":"","format":"standard","meta":{"footnotes":""},"categories":[1],"tags":[],"class_list":{"0":"post-876","1":"post","2":"type-post","3":"status-publish","4":"format-standard","6":"category-uncategorized","7":"czr-hentry"},"_links":{"self":[{"href":"https:\/\/anjo.pt\/marimekko\/wp-json\/wp\/v2\/posts\/876","targetHints":{"allow":["GET"]}}],"collection":[{"href":"https:\/\/anjo.pt\/marimekko\/wp-json\/wp\/v2\/posts"}],"about":[{"href":"https:\/\/anjo.pt\/marimekko\/wp-json\/wp\/v2\/types\/post"}],"author":[{"embeddable":true,"href":"https:\/\/anjo.pt\/marimekko\/wp-json\/wp\/v2\/users\/1"}],"replies":[{"embeddable":true,"href":"https:\/\/anjo.pt\/marimekko\/wp-json\/wp\/v2\/comments?post=876"}],"version-history":[{"count":1,"href":"https:\/\/anjo.pt\/marimekko\/wp-json\/wp\/v2\/posts\/876\/revisions"}],"predecessor-version":[{"id":878,"href":"https:\/\/anjo.pt\/marimekko\/wp-json\/wp\/v2\/posts\/876\/revisions\/878"}],"wp:attachment":[{"href":"https:\/\/anjo.pt\/marimekko\/wp-json\/wp\/v2\/media?parent=876"}],"wp:term":[{"taxonomy":"category","embeddable":true,"href":"https:\/\/anjo.pt\/marimekko\/wp-json\/wp\/v2\/categories?post=876"},{"taxonomy":"post_tag","embeddable":true,"href":"https:\/\/anjo.pt\/marimekko\/wp-json\/wp\/v2\/tags?post=876"}],"curies":[{"name":"wp","href":"https:\/\/api.w.org\/{rel}","templated":true}]}}